{"id":2030,"date":"2022-10-04T11:43:40","date_gmt":"2022-10-04T14:43:40","guid":{"rendered":"https:\/\/www.olfar.ind.br\/olfar-da-inicio-as-obras-do-seu-novo-projeto-no-extremo-norte-de-goias\/"},"modified":"2023-05-24T13:59:25","modified_gmt":"2023-05-24T16:59:25","slug":"olfar-da-inicio-as-obras-do-seu-novo-projeto-no-extremo-norte-de-goias","status":"publish","type":"post","link":"https:\/\/www.olfar.ind.br\/en\/olfar-da-inicio-as-obras-do-seu-novo-projeto-no-extremo-norte-de-goias\/","title":{"rendered":"Olfar d\u00e1 in\u00edcio \u00e0s obras do seu novo projeto no extremo norte de Goi\u00e1s."},"content":{"rendered":"<p>O Grupo Olfar iniciou, neste m\u00eas de setembro, as obras de instala\u00e7\u00e3o da planta de processamento de soja, que ter\u00e1 uma capacidade total de esmagamento de 4.000 toneladas de gr\u00e3os por dia.<\/p>\n<p>O projeto completo \u00e9 composto por silos para armazenagem de gr\u00e3os, unidade de extra\u00e7\u00e3o de \u00f3leo de soja, armaz\u00e9ns para farelo de soja, entre outros elementos necess\u00e1rios para o processo produtivo. O planejamento das novas instala\u00e7\u00f5es come\u00e7ou a tomar forma em fevereiro de 2021, com a cess\u00e3o do terreno de 37 hectares, localizado ao lado da usina de biodiesel do grupo.<\/p>\n<p>Al\u00e9m de otimizar a capacidade operacional e produtiva da usina de biocombust\u00edvel, o empreendimento ir\u00e1 impulsionar o desenvolvimento de Porangatu e promover novas oportunidades para toda a regi\u00e3o norte do Estado de Goi\u00e1s. Apenas na etapa de constru\u00e7\u00e3o, ser\u00e3o gerados, aproximadamente, 200 empregos diretos e mais de 500 indiretos. J\u00e1 em opera\u00e7\u00e3o, a empresa ir\u00e1 gerar cerca de 230 empregos diretos, al\u00e9m de promover centenas de neg\u00f3cios indiretos relacionados \u00e0s atividades que envolvem toda a cadeia produtiva. O prazo previsto para conclus\u00e3o das obras \u00e9 em fevereiro de 2024.<\/p>\n<p>Junto a essa iniciativa, a Olfar anuncia tamb\u00e9m a constru\u00e7\u00e3o de um terminal de acesso \u00e0 ferrovia Norte-Sul, para transbordo de gr\u00e3os, com capacidade de carga e descarga de 1.000 toneladas por hora. O terminal \u00e9 fruto de uma parceria entre a Olfar e a concession\u00e1ria Rumo Log\u00edstica, e tem como objetivo dar suporte ao escoamento de gr\u00e3os de toda a regi\u00e3o norte de Goi\u00e1s e sul de Tocantins, com destino aos maiores portos do pa\u00eds, como o Porto de Santos, em S\u00e3o Paulo.<\/p>\n<p>Todos esses investimentos refor\u00e7am o prop\u00f3sito da empresa em promover o progresso, bem como seu compromisso com o desenvolvimento do pa\u00eds.<\/p>\n","protected":false},"excerpt":{"rendered":"<p>O Grupo Olfar iniciou, neste m\u00eas de setembro, as obras de instala\u00e7\u00e3o da planta de processamento de soja, que ter\u00e1 uma capacidade total de esmagamento de 4.000 toneladas de gr\u00e3os por dia. O projeto completo \u00e9 composto por silos para armazenagem de gr\u00e3os, unidade de extra\u00e7\u00e3o de \u00f3leo de soja, armaz\u00e9ns para farelo de soja, [&hellip;]<\/p>\n","protected":false},"author":2,"featured_media":2026,"comment_status":"open","ping_status":"open","sticky":false,"template":"","format":"standard","meta":{"inline_featured_image":false,"footnotes":""},"categories":[52,50],"tags":[],"class_list":["post-2030","post","type-post","status-publish","format-standard","has-post-thumbnail","hentry","category-institucional-en","category-social-responsibility"],"yoast_head":"<!-- This site is optimized with the Yoast SEO plugin v27.5 - https:\/\/yoast.com\/product\/yoast-seo-wordpress\/ -->\n<title>Olfar d\u00e1 in\u00edcio \u00e0s obras do seu novo projeto no extremo norte de Goi\u00e1s. - Olfar<\/title>\n<meta name=\"robots\" content=\"index, follow, max-snippet:-1, max-image-preview:large, max-video-preview:-1\" \/>\n<link rel=\"canonical\" href=\"https:\/\/www.olfar.ind.br\/en\/olfar-da-inicio-as-obras-do-seu-novo-projeto-no-extremo-norte-de-goias\/\" \/>\n<meta property=\"og:locale\" content=\"en_US\" \/>\n<meta property=\"og:type\" content=\"article\" \/>\n<meta property=\"og:title\" content=\"Olfar d\u00e1 in\u00edcio \u00e0s obras do seu novo projeto no extremo norte de Goi\u00e1s. - Olfar\" \/>\n<meta property=\"og:description\" content=\"O Grupo Olfar iniciou, neste m\u00eas de setembro, as obras de instala\u00e7\u00e3o da planta de processamento de soja, que ter\u00e1 uma capacidade total de esmagamento de 4.000 toneladas de gr\u00e3os por dia. O projeto completo \u00e9 composto por silos para armazenagem de gr\u00e3os, unidade de extra\u00e7\u00e3o de \u00f3leo de soja, armaz\u00e9ns para farelo de soja, [&hellip;]\" \/>\n<meta property=\"og:url\" content=\"https:\/\/www.olfar.ind.br\/en\/olfar-da-inicio-as-obras-do-seu-novo-projeto-no-extremo-norte-de-goias\/\" \/>\n<meta property=\"og:site_name\" content=\"Olfar\" \/>\n<meta property=\"article:published_time\" content=\"2022-10-04T14:43:40+00:00\" \/>\n<meta property=\"article:modified_time\" content=\"2023-05-24T16:59:25+00:00\" \/>\n<meta property=\"og:image\" content=\"https:\/\/www.olfar.ind.br\/wp-content\/uploads\/2022\/10\/olfar-porangatu-nova-planta-extracao.jpg\" \/>\n\t<meta property=\"og:image:width\" content=\"1481\" \/>\n\t<meta property=\"og:image:height\" content=\"832\" \/>\n\t<meta property=\"og:image:type\" content=\"image\/jpeg\" \/>\n<meta name=\"author\" content=\"Olfar\" \/>\n<meta name=\"twitter:card\" content=\"summary_large_image\" \/>\n<meta name=\"twitter:label1\" content=\"Written by\" \/>\n\t<meta name=\"twitter:data1\" content=\"Olfar\" \/>\n\t<meta name=\"twitter:label2\" content=\"Est. reading time\" \/>\n\t<meta name=\"twitter:data2\" content=\"2 minutes\" \/>\n<script type=\"application\/ld+json\" class=\"yoast-schema-graph\">{\"@context\":\"https:\\\/\\\/schema.org\",\"@graph\":[{\"@type\":\"Article\",\"@id\":\"https:\\\/\\\/www.olfar.ind.br\\\/en\\\/olfar-da-inicio-as-obras-do-seu-novo-projeto-no-extremo-norte-de-goias\\\/#article\",\"isPartOf\":{\"@id\":\"https:\\\/\\\/www.olfar.ind.br\\\/en\\\/olfar-da-inicio-as-obras-do-seu-novo-projeto-no-extremo-norte-de-goias\\\/\"},\"author\":{\"name\":\"Olfar\",\"@id\":\"https:\\\/\\\/www.olfar.ind.br\\\/#\\\/schema\\\/person\\\/469eaf0e85d43aa9eab17a02ad7d58fe\"},\"headline\":\"Olfar d\u00e1 in\u00edcio \u00e0s obras do seu novo projeto no extremo norte de Goi\u00e1s.\",\"datePublished\":\"2022-10-04T14:43:40+00:00\",\"dateModified\":\"2023-05-24T16:59:25+00:00\",\"mainEntityOfPage\":{\"@id\":\"https:\\\/\\\/www.olfar.ind.br\\\/en\\\/olfar-da-inicio-as-obras-do-seu-novo-projeto-no-extremo-norte-de-goias\\\/\"},\"wordCount\":324,\"commentCount\":0,\"image\":{\"@id\":\"https:\\\/\\\/www.olfar.ind.br\\\/en\\\/olfar-da-inicio-as-obras-do-seu-novo-projeto-no-extremo-norte-de-goias\\\/#primaryimage\"},\"thumbnailUrl\":\"https:\\\/\\\/www.olfar.ind.br\\\/wp-content\\\/uploads\\\/2022\\\/10\\\/olfar-porangatu-nova-planta-extracao.jpg\",\"articleSection\":[\"Institucional\",\"Social Responsibility\"],\"inLanguage\":\"en-US\",\"potentialAction\":[{\"@type\":\"CommentAction\",\"name\":\"Comment\",\"target\":[\"https:\\\/\\\/www.olfar.ind.br\\\/en\\\/olfar-da-inicio-as-obras-do-seu-novo-projeto-no-extremo-norte-de-goias\\\/#respond\"]}]},{\"@type\":\"WebPage\",\"@id\":\"https:\\\/\\\/www.olfar.ind.br\\\/en\\\/olfar-da-inicio-as-obras-do-seu-novo-projeto-no-extremo-norte-de-goias\\\/\",\"url\":\"https:\\\/\\\/www.olfar.ind.br\\\/en\\\/olfar-da-inicio-as-obras-do-seu-novo-projeto-no-extremo-norte-de-goias\\\/\",\"name\":\"Olfar d\u00e1 in\u00edcio \u00e0s obras do seu novo projeto no extremo norte de Goi\u00e1s. - Olfar\",\"isPartOf\":{\"@id\":\"https:\\\/\\\/www.olfar.ind.br\\\/#website\"},\"primaryImageOfPage\":{\"@id\":\"https:\\\/\\\/www.olfar.ind.br\\\/en\\\/olfar-da-inicio-as-obras-do-seu-novo-projeto-no-extremo-norte-de-goias\\\/#primaryimage\"},\"image\":{\"@id\":\"https:\\\/\\\/www.olfar.ind.br\\\/en\\\/olfar-da-inicio-as-obras-do-seu-novo-projeto-no-extremo-norte-de-goias\\\/#primaryimage\"},\"thumbnailUrl\":\"https:\\\/\\\/www.olfar.ind.br\\\/wp-content\\\/uploads\\\/2022\\\/10\\\/olfar-porangatu-nova-planta-extracao.jpg\",\"datePublished\":\"2022-10-04T14:43:40+00:00\",\"dateModified\":\"2023-05-24T16:59:25+00:00\",\"author\":{\"@id\":\"https:\\\/\\\/www.olfar.ind.br\\\/#\\\/schema\\\/person\\\/469eaf0e85d43aa9eab17a02ad7d58fe\"},\"breadcrumb\":{\"@id\":\"https:\\\/\\\/www.olfar.ind.br\\\/en\\\/olfar-da-inicio-as-obras-do-seu-novo-projeto-no-extremo-norte-de-goias\\\/#breadcrumb\"},\"inLanguage\":\"en-US\",\"potentialAction\":[{\"@type\":\"ReadAction\",\"target\":[\"https:\\\/\\\/www.olfar.ind.br\\\/en\\\/olfar-da-inicio-as-obras-do-seu-novo-projeto-no-extremo-norte-de-goias\\\/\"]}]},{\"@type\":\"ImageObject\",\"inLanguage\":\"en-US\",\"@id\":\"https:\\\/\\\/www.olfar.ind.br\\\/en\\\/olfar-da-inicio-as-obras-do-seu-novo-projeto-no-extremo-norte-de-goias\\\/#primaryimage\",\"url\":\"https:\\\/\\\/www.olfar.ind.br\\\/wp-content\\\/uploads\\\/2022\\\/10\\\/olfar-porangatu-nova-planta-extracao.jpg\",\"contentUrl\":\"https:\\\/\\\/www.olfar.ind.br\\\/wp-content\\\/uploads\\\/2022\\\/10\\\/olfar-porangatu-nova-planta-extracao.jpg\",\"width\":1481,\"height\":832},{\"@type\":\"BreadcrumbList\",\"@id\":\"https:\\\/\\\/www.olfar.ind.br\\\/en\\\/olfar-da-inicio-as-obras-do-seu-novo-projeto-no-extremo-norte-de-goias\\\/#breadcrumb\",\"itemListElement\":[{\"@type\":\"ListItem\",\"position\":1,\"name\":\"In\u00edcio\",\"item\":\"https:\\\/\\\/www.olfar.ind.br\\\/en\\\/\"},{\"@type\":\"ListItem\",\"position\":2,\"name\":\"Olfar d\u00e1 in\u00edcio \u00e0s obras do seu novo projeto no extremo norte de Goi\u00e1s.\"}]},{\"@type\":\"WebSite\",\"@id\":\"https:\\\/\\\/www.olfar.ind.br\\\/#website\",\"url\":\"https:\\\/\\\/www.olfar.ind.br\\\/\",\"name\":\"Olfar\",\"description\":\"Alimento e Energia\",\"potentialAction\":[{\"@type\":\"SearchAction\",\"target\":{\"@type\":\"EntryPoint\",\"urlTemplate\":\"https:\\\/\\\/www.olfar.ind.br\\\/?s={search_term_string}\"},\"query-input\":{\"@type\":\"PropertyValueSpecification\",\"valueRequired\":true,\"valueName\":\"search_term_string\"}}],\"inLanguage\":\"en-US\"},{\"@type\":\"Person\",\"@id\":\"https:\\\/\\\/www.olfar.ind.br\\\/#\\\/schema\\\/person\\\/469eaf0e85d43aa9eab17a02ad7d58fe\",\"name\":\"Olfar\",\"image\":{\"@type\":\"ImageObject\",\"inLanguage\":\"en-US\",\"@id\":\"https:\\\/\\\/secure.gravatar.com\\\/avatar\\\/13115e0a618654c5e0afcfd4ab107781bccc1a9d3fca714a42548a6171e014a3?s=96&d=mm&r=g\",\"url\":\"https:\\\/\\\/secure.gravatar.com\\\/avatar\\\/13115e0a618654c5e0afcfd4ab107781bccc1a9d3fca714a42548a6171e014a3?s=96&d=mm&r=g\",\"contentUrl\":\"https:\\\/\\\/secure.gravatar.com\\\/avatar\\\/13115e0a618654c5e0afcfd4ab107781bccc1a9d3fca714a42548a6171e014a3?s=96&d=mm&r=g\",\"caption\":\"Olfar\"},\"url\":\"https:\\\/\\\/www.olfar.ind.br\\\/en\\\/author\\\/olfar\\\/\"}]}<\/script>\n<!-- \/ Yoast SEO plugin. -->","yoast_head_json":{"title":"Olfar d\u00e1 in\u00edcio \u00e0s obras do seu novo projeto no extremo norte de Goi\u00e1s. - Olfar","robots":{"index":"index","follow":"follow","max-snippet":"max-snippet:-1","max-image-preview":"max-image-preview:large","max-video-preview":"max-video-preview:-1"},"canonical":"https:\/\/www.olfar.ind.br\/en\/olfar-da-inicio-as-obras-do-seu-novo-projeto-no-extremo-norte-de-goias\/","og_locale":"en_US","og_type":"article","og_title":"Olfar d\u00e1 in\u00edcio \u00e0s obras do seu novo projeto no extremo norte de Goi\u00e1s. - Olfar","og_description":"O Grupo Olfar iniciou, neste m\u00eas de setembro, as obras de instala\u00e7\u00e3o da planta de processamento de soja, que ter\u00e1 uma capacidade total de esmagamento de 4.000 toneladas de gr\u00e3os por dia. O projeto completo \u00e9 composto por silos para armazenagem de gr\u00e3os, unidade de extra\u00e7\u00e3o de \u00f3leo de soja, armaz\u00e9ns para farelo de soja, [&hellip;]","og_url":"https:\/\/www.olfar.ind.br\/en\/olfar-da-inicio-as-obras-do-seu-novo-projeto-no-extremo-norte-de-goias\/","og_site_name":"Olfar","article_published_time":"2022-10-04T14:43:40+00:00","article_modified_time":"2023-05-24T16:59:25+00:00","og_image":[{"width":1481,"height":832,"url":"https:\/\/www.olfar.ind.br\/wp-content\/uploads\/2022\/10\/olfar-porangatu-nova-planta-extracao.jpg","type":"image\/jpeg"}],"author":"Olfar","twitter_card":"summary_large_image","twitter_misc":{"Written by":"Olfar","Est. reading time":"2 minutes"},"schema":{"@context":"https:\/\/schema.org","@graph":[{"@type":"Article","@id":"https:\/\/www.olfar.ind.br\/en\/olfar-da-inicio-as-obras-do-seu-novo-projeto-no-extremo-norte-de-goias\/#article","isPartOf":{"@id":"https:\/\/www.olfar.ind.br\/en\/olfar-da-inicio-as-obras-do-seu-novo-projeto-no-extremo-norte-de-goias\/"},"author":{"name":"Olfar","@id":"https:\/\/www.olfar.ind.br\/#\/schema\/person\/469eaf0e85d43aa9eab17a02ad7d58fe"},"headline":"Olfar d\u00e1 in\u00edcio \u00e0s obras do seu novo projeto no extremo norte de Goi\u00e1s.","datePublished":"2022-10-04T14:43:40+00:00","dateModified":"2023-05-24T16:59:25+00:00","mainEntityOfPage":{"@id":"https:\/\/www.olfar.ind.br\/en\/olfar-da-inicio-as-obras-do-seu-novo-projeto-no-extremo-norte-de-goias\/"},"wordCount":324,"commentCount":0,"image":{"@id":"https:\/\/www.olfar.ind.br\/en\/olfar-da-inicio-as-obras-do-seu-novo-projeto-no-extremo-norte-de-goias\/#primaryimage"},"thumbnailUrl":"https:\/\/www.olfar.ind.br\/wp-content\/uploads\/2022\/10\/olfar-porangatu-nova-planta-extracao.jpg","articleSection":["Institucional","Social Responsibility"],"inLanguage":"en-US","potentialAction":[{"@type":"CommentAction","name":"Comment","target":["https:\/\/www.olfar.ind.br\/en\/olfar-da-inicio-as-obras-do-seu-novo-projeto-no-extremo-norte-de-goias\/#respond"]}]},{"@type":"WebPage","@id":"https:\/\/www.olfar.ind.br\/en\/olfar-da-inicio-as-obras-do-seu-novo-projeto-no-extremo-norte-de-goias\/","url":"https:\/\/www.olfar.ind.br\/en\/olfar-da-inicio-as-obras-do-seu-novo-projeto-no-extremo-norte-de-goias\/","name":"Olfar d\u00e1 in\u00edcio \u00e0s obras do seu novo projeto no extremo norte de Goi\u00e1s. - Olfar","isPartOf":{"@id":"https:\/\/www.olfar.ind.br\/#website"},"primaryImageOfPage":{"@id":"https:\/\/www.olfar.ind.br\/en\/olfar-da-inicio-as-obras-do-seu-novo-projeto-no-extremo-norte-de-goias\/#primaryimage"},"image":{"@id":"https:\/\/www.olfar.ind.br\/en\/olfar-da-inicio-as-obras-do-seu-novo-projeto-no-extremo-norte-de-goias\/#primaryimage"},"thumbnailUrl":"https:\/\/www.olfar.ind.br\/wp-content\/uploads\/2022\/10\/olfar-porangatu-nova-planta-extracao.jpg","datePublished":"2022-10-04T14:43:40+00:00","dateModified":"2023-05-24T16:59:25+00:00","author":{"@id":"https:\/\/www.olfar.ind.br\/#\/schema\/person\/469eaf0e85d43aa9eab17a02ad7d58fe"},"breadcrumb":{"@id":"https:\/\/www.olfar.ind.br\/en\/olfar-da-inicio-as-obras-do-seu-novo-projeto-no-extremo-norte-de-goias\/#breadcrumb"},"inLanguage":"en-US","potentialAction":[{"@type":"ReadAction","target":["https:\/\/www.olfar.ind.br\/en\/olfar-da-inicio-as-obras-do-seu-novo-projeto-no-extremo-norte-de-goias\/"]}]},{"@type":"ImageObject","inLanguage":"en-US","@id":"https:\/\/www.olfar.ind.br\/en\/olfar-da-inicio-as-obras-do-seu-novo-projeto-no-extremo-norte-de-goias\/#primaryimage","url":"https:\/\/www.olfar.ind.br\/wp-content\/uploads\/2022\/10\/olfar-porangatu-nova-planta-extracao.jpg","contentUrl":"https:\/\/www.olfar.ind.br\/wp-content\/uploads\/2022\/10\/olfar-porangatu-nova-planta-extracao.jpg","width":1481,"height":832},{"@type":"BreadcrumbList","@id":"https:\/\/www.olfar.ind.br\/en\/olfar-da-inicio-as-obras-do-seu-novo-projeto-no-extremo-norte-de-goias\/#breadcrumb","itemListElement":[{"@type":"ListItem","position":1,"name":"In\u00edcio","item":"https:\/\/www.olfar.ind.br\/en\/"},{"@type":"ListItem","position":2,"name":"Olfar d\u00e1 in\u00edcio \u00e0s obras do seu novo projeto no extremo norte de Goi\u00e1s."}]},{"@type":"WebSite","@id":"https:\/\/www.olfar.ind.br\/#website","url":"https:\/\/www.olfar.ind.br\/","name":"Olfar","description":"Alimento e Energia","potentialAction":[{"@type":"SearchAction","target":{"@type":"EntryPoint","urlTemplate":"https:\/\/www.olfar.ind.br\/?s={search_term_string}"},"query-input":{"@type":"PropertyValueSpecification","valueRequired":true,"valueName":"search_term_string"}}],"inLanguage":"en-US"},{"@type":"Person","@id":"https:\/\/www.olfar.ind.br\/#\/schema\/person\/469eaf0e85d43aa9eab17a02ad7d58fe","name":"Olfar","image":{"@type":"ImageObject","inLanguage":"en-US","@id":"https:\/\/secure.gravatar.com\/avatar\/13115e0a618654c5e0afcfd4ab107781bccc1a9d3fca714a42548a6171e014a3?s=96&d=mm&r=g","url":"https:\/\/secure.gravatar.com\/avatar\/13115e0a618654c5e0afcfd4ab107781bccc1a9d3fca714a42548a6171e014a3?s=96&d=mm&r=g","contentUrl":"https:\/\/secure.gravatar.com\/avatar\/13115e0a618654c5e0afcfd4ab107781bccc1a9d3fca714a42548a6171e014a3?s=96&d=mm&r=g","caption":"Olfar"},"url":"https:\/\/www.olfar.ind.br\/en\/author\/olfar\/"}]}},"_links":{"self":[{"href":"https:\/\/www.olfar.ind.br\/en\/wp-json\/wp\/v2\/posts\/2030","targetHints":{"allow":["GET"]}}],"collection":[{"href":"https:\/\/www.olfar.ind.br\/en\/wp-json\/wp\/v2\/posts"}],"about":[{"href":"https:\/\/www.olfar.ind.br\/en\/wp-json\/wp\/v2\/types\/post"}],"author":[{"embeddable":true,"href":"https:\/\/www.olfar.ind.br\/en\/wp-json\/wp\/v2\/users\/2"}],"replies":[{"embeddable":true,"href":"https:\/\/www.olfar.ind.br\/en\/wp-json\/wp\/v2\/comments?post=2030"}],"version-history":[{"count":1,"href":"https:\/\/www.olfar.ind.br\/en\/wp-json\/wp\/v2\/posts\/2030\/revisions"}],"predecessor-version":[{"id":2032,"href":"https:\/\/www.olfar.ind.br\/en\/wp-json\/wp\/v2\/posts\/2030\/revisions\/2032"}],"wp:featuredmedia":[{"embeddable":true,"href":"https:\/\/www.olfar.ind.br\/en\/wp-json\/wp\/v2\/media\/2026"}],"wp:attachment":[{"href":"https:\/\/www.olfar.ind.br\/en\/wp-json\/wp\/v2\/media?parent=2030"}],"wp:term":[{"taxonomy":"category","embeddable":true,"href":"https:\/\/www.olfar.ind.br\/en\/wp-json\/wp\/v2\/categories?post=2030"},{"taxonomy":"post_tag","embeddable":true,"href":"https:\/\/www.olfar.ind.br\/en\/wp-json\/wp\/v2\/tags?post=2030"}],"curies":[{"name":"wp","href":"https:\/\/api.w.org\/{rel}","templated":true}]}}