{"id":1731,"date":"2021-02-26T16:33:40","date_gmt":"2021-02-26T19:33:40","guid":{"rendered":"https:\/\/www.olfar.ind.br\/transformacao-e-crescimento-gerando-desenvolvimento-emprego-e-renda-2\/"},"modified":"2021-02-26T16:33:40","modified_gmt":"2021-02-26T19:33:40","slug":"transformacao-e-crescimento-gerando-desenvolvimento-emprego-e-renda-2","status":"publish","type":"post","link":"https:\/\/www.olfar.ind.br\/en\/transformacao-e-crescimento-gerando-desenvolvimento-emprego-e-renda-2\/","title":{"rendered":"Transforma\u00e7\u00e3o e crescimento, gerando desenvolvimento, emprego e renda"},"content":{"rendered":"<p>Agora \u00e9 oficial: a Olfar dar\u00e1 in\u00edcio \u00e0 segunda fase do projeto da sua usina em Goi\u00e1s com a constru\u00e7\u00e3o da planta para processamento da soja.<\/p>\n<p>Essa segunda etapa abrange a implanta\u00e7\u00e3o completa da unidade de extra\u00e7\u00e3o de \u00f3leo de soja, incluindo silos para armazenagem de gr\u00e3os, dep\u00f3sito para farelo de soja, entre outros elementos necess\u00e1rios para a estrutura do processo produtivo. A proje\u00e7\u00e3o \u00e9 de uma capacidade de esmagamento de 3.000 toneladas de gr\u00e3os por dia.<\/p>\n<p>Para dar esse grande passo, a Olfar p\u00f4de contar mais uma vez com todo o suporte e apoio das autoridades de Porangatu. Como ponto de partida para o empreendimento, no \u00faltimo dia 22 de fevereiro, a C\u00e2mara Municipal de Porangatu aprovou por unanimidade a cess\u00e3o do terreno de 37 hectares onde ser\u00e1 instalada a nova planta.<\/p>\n<p>A Prefeita Vanuza Valadares, que sancionou o Projeto, considerou o momento como hist\u00f3rico para o desenvolvimento de Porangatu e da Regi\u00e3o Norte de Goi\u00e1s.<\/p>\n<p>Na ocasi\u00e3o, Jos\u00e9 Carlos Weschenfelder, presidente da Olfar, refor\u00e7ou o grande impacto que o complexo fabril trar\u00e1 para toda a regi\u00e3o, potencializando o desenvolvimento, a gera\u00e7\u00e3o de emprego, renda e qualidade de vida. Outro reflexo positivo ser\u00e1 para o Agroneg\u00f3cio, com o fomento, suporte e assist\u00eancia t\u00e9cnica por parte da empresa, do plantio \u00e0 colheita. Ainda, isso tudo gera uma grande demanda por produtos e servi\u00e7os, impulsionando todas as atividades relacionadas \u00e0 cadeia produtiva da Olfar, gerando milhares de empregos indiretos.<\/p>\n<p>O Grupo Olfar agradece a parceria da C\u00e2mara Municipal e do Poder Executivo, bem como da popula\u00e7\u00e3o porangatuense que, desde o in\u00edcio das opera\u00e7\u00f5es recebeu a empresa de forma acolhedora.<\/p>\n","protected":false},"excerpt":{"rendered":"<p>Agora \u00e9 oficial: a Olfar dar\u00e1 in\u00edcio \u00e0 segunda fase do projeto da sua usina em Goi\u00e1s com a constru\u00e7\u00e3o da planta para processamento da soja. Essa segunda etapa abrange a implanta\u00e7\u00e3o completa da unidade de extra\u00e7\u00e3o de \u00f3leo de soja, incluindo silos para armazenagem de gr\u00e3os, dep\u00f3sito para farelo de soja, entre outros elementos [&hellip;]<\/p>\n","protected":false},"author":2,"featured_media":1412,"comment_status":"open","ping_status":"open","sticky":false,"template":"","format":"standard","meta":{"inline_featured_image":false,"footnotes":""},"categories":[52],"tags":[],"class_list":["post-1731","post","type-post","status-publish","format-standard","has-post-thumbnail","hentry","category-institucional-en"],"yoast_head":"<!-- This site is optimized with the Yoast SEO plugin v27.5 - https:\/\/yoast.com\/product\/yoast-seo-wordpress\/ -->\n<title>Transforma\u00e7\u00e3o e crescimento, gerando desenvolvimento, emprego e renda - Olfar<\/title>\n<meta name=\"robots\" content=\"index, follow, max-snippet:-1, max-image-preview:large, max-video-preview:-1\" \/>\n<link rel=\"canonical\" href=\"https:\/\/www.olfar.ind.br\/en\/transformacao-e-crescimento-gerando-desenvolvimento-emprego-e-renda-2\/\" \/>\n<meta property=\"og:locale\" content=\"en_US\" \/>\n<meta property=\"og:type\" content=\"article\" \/>\n<meta property=\"og:title\" content=\"Transforma\u00e7\u00e3o e crescimento, gerando desenvolvimento, emprego e renda - Olfar\" \/>\n<meta property=\"og:description\" content=\"Agora \u00e9 oficial: a Olfar dar\u00e1 in\u00edcio \u00e0 segunda fase do projeto da sua usina em Goi\u00e1s com a constru\u00e7\u00e3o da planta para processamento da soja. Essa segunda etapa abrange a implanta\u00e7\u00e3o completa da unidade de extra\u00e7\u00e3o de \u00f3leo de soja, incluindo silos para armazenagem de gr\u00e3os, dep\u00f3sito para farelo de soja, entre outros elementos [&hellip;]\" \/>\n<meta property=\"og:url\" content=\"https:\/\/www.olfar.ind.br\/en\/transformacao-e-crescimento-gerando-desenvolvimento-emprego-e-renda-2\/\" \/>\n<meta property=\"og:site_name\" content=\"Olfar\" \/>\n<meta property=\"article:published_time\" content=\"2021-02-26T19:33:40+00:00\" \/>\n<meta name=\"author\" content=\"Olfar\" \/>\n<meta name=\"twitter:card\" content=\"summary_large_image\" \/>\n<meta name=\"twitter:label1\" content=\"Written by\" \/>\n\t<meta name=\"twitter:data1\" content=\"Olfar\" \/>\n\t<meta name=\"twitter:label2\" content=\"Est. reading time\" \/>\n\t<meta name=\"twitter:data2\" content=\"1 minute\" \/>\n<script type=\"application\/ld+json\" class=\"yoast-schema-graph\">{\"@context\":\"https:\\\/\\\/schema.org\",\"@graph\":[{\"@type\":\"Article\",\"@id\":\"https:\\\/\\\/www.olfar.ind.br\\\/en\\\/transformacao-e-crescimento-gerando-desenvolvimento-emprego-e-renda-2\\\/#article\",\"isPartOf\":{\"@id\":\"https:\\\/\\\/www.olfar.ind.br\\\/en\\\/transformacao-e-crescimento-gerando-desenvolvimento-emprego-e-renda-2\\\/\"},\"author\":{\"name\":\"Olfar\",\"@id\":\"https:\\\/\\\/www.olfar.ind.br\\\/#\\\/schema\\\/person\\\/469eaf0e85d43aa9eab17a02ad7d58fe\"},\"headline\":\"Transforma\u00e7\u00e3o e crescimento, gerando desenvolvimento, emprego e renda\",\"datePublished\":\"2021-02-26T19:33:40+00:00\",\"mainEntityOfPage\":{\"@id\":\"https:\\\/\\\/www.olfar.ind.br\\\/en\\\/transformacao-e-crescimento-gerando-desenvolvimento-emprego-e-renda-2\\\/\"},\"wordCount\":297,\"commentCount\":0,\"image\":{\"@id\":\"https:\\\/\\\/www.olfar.ind.br\\\/en\\\/transformacao-e-crescimento-gerando-desenvolvimento-emprego-e-renda-2\\\/#primaryimage\"},\"thumbnailUrl\":\"https:\\\/\\\/www.olfar.ind.br\\\/wp-content\\\/uploads\\\/2022\\\/01\\\/OLFAR-PORANGATU.jpg\",\"articleSection\":[\"Institucional\"],\"inLanguage\":\"en-US\",\"potentialAction\":[{\"@type\":\"CommentAction\",\"name\":\"Comment\",\"target\":[\"https:\\\/\\\/www.olfar.ind.br\\\/en\\\/transformacao-e-crescimento-gerando-desenvolvimento-emprego-e-renda-2\\\/#respond\"]}]},{\"@type\":\"WebPage\",\"@id\":\"https:\\\/\\\/www.olfar.ind.br\\\/en\\\/transformacao-e-crescimento-gerando-desenvolvimento-emprego-e-renda-2\\\/\",\"url\":\"https:\\\/\\\/www.olfar.ind.br\\\/en\\\/transformacao-e-crescimento-gerando-desenvolvimento-emprego-e-renda-2\\\/\",\"name\":\"Transforma\u00e7\u00e3o e crescimento, gerando desenvolvimento, emprego e renda - Olfar\",\"isPartOf\":{\"@id\":\"https:\\\/\\\/www.olfar.ind.br\\\/#website\"},\"primaryImageOfPage\":{\"@id\":\"https:\\\/\\\/www.olfar.ind.br\\\/en\\\/transformacao-e-crescimento-gerando-desenvolvimento-emprego-e-renda-2\\\/#primaryimage\"},\"image\":{\"@id\":\"https:\\\/\\\/www.olfar.ind.br\\\/en\\\/transformacao-e-crescimento-gerando-desenvolvimento-emprego-e-renda-2\\\/#primaryimage\"},\"thumbnailUrl\":\"https:\\\/\\\/www.olfar.ind.br\\\/wp-content\\\/uploads\\\/2022\\\/01\\\/OLFAR-PORANGATU.jpg\",\"datePublished\":\"2021-02-26T19:33:40+00:00\",\"author\":{\"@id\":\"https:\\\/\\\/www.olfar.ind.br\\\/#\\\/schema\\\/person\\\/469eaf0e85d43aa9eab17a02ad7d58fe\"},\"breadcrumb\":{\"@id\":\"https:\\\/\\\/www.olfar.ind.br\\\/en\\\/transformacao-e-crescimento-gerando-desenvolvimento-emprego-e-renda-2\\\/#breadcrumb\"},\"inLanguage\":\"en-US\",\"potentialAction\":[{\"@type\":\"ReadAction\",\"target\":[\"https:\\\/\\\/www.olfar.ind.br\\\/en\\\/transformacao-e-crescimento-gerando-desenvolvimento-emprego-e-renda-2\\\/\"]}]},{\"@type\":\"ImageObject\",\"inLanguage\":\"en-US\",\"@id\":\"https:\\\/\\\/www.olfar.ind.br\\\/en\\\/transformacao-e-crescimento-gerando-desenvolvimento-emprego-e-renda-2\\\/#primaryimage\",\"url\":\"https:\\\/\\\/www.olfar.ind.br\\\/wp-content\\\/uploads\\\/2022\\\/01\\\/OLFAR-PORANGATU.jpg\",\"contentUrl\":\"https:\\\/\\\/www.olfar.ind.br\\\/wp-content\\\/uploads\\\/2022\\\/01\\\/OLFAR-PORANGATU.jpg\",\"width\":1103,\"height\":600},{\"@type\":\"BreadcrumbList\",\"@id\":\"https:\\\/\\\/www.olfar.ind.br\\\/en\\\/transformacao-e-crescimento-gerando-desenvolvimento-emprego-e-renda-2\\\/#breadcrumb\",\"itemListElement\":[{\"@type\":\"ListItem\",\"position\":1,\"name\":\"In\u00edcio\",\"item\":\"https:\\\/\\\/www.olfar.ind.br\\\/en\\\/\"},{\"@type\":\"ListItem\",\"position\":2,\"name\":\"Transforma\u00e7\u00e3o e crescimento, gerando desenvolvimento, emprego e renda\"}]},{\"@type\":\"WebSite\",\"@id\":\"https:\\\/\\\/www.olfar.ind.br\\\/#website\",\"url\":\"https:\\\/\\\/www.olfar.ind.br\\\/\",\"name\":\"Olfar\",\"description\":\"Alimento e Energia\",\"potentialAction\":[{\"@type\":\"SearchAction\",\"target\":{\"@type\":\"EntryPoint\",\"urlTemplate\":\"https:\\\/\\\/www.olfar.ind.br\\\/?s={search_term_string}\"},\"query-input\":{\"@type\":\"PropertyValueSpecification\",\"valueRequired\":true,\"valueName\":\"search_term_string\"}}],\"inLanguage\":\"en-US\"},{\"@type\":\"Person\",\"@id\":\"https:\\\/\\\/www.olfar.ind.br\\\/#\\\/schema\\\/person\\\/469eaf0e85d43aa9eab17a02ad7d58fe\",\"name\":\"Olfar\",\"image\":{\"@type\":\"ImageObject\",\"inLanguage\":\"en-US\",\"@id\":\"https:\\\/\\\/secure.gravatar.com\\\/avatar\\\/13115e0a618654c5e0afcfd4ab107781bccc1a9d3fca714a42548a6171e014a3?s=96&d=mm&r=g\",\"url\":\"https:\\\/\\\/secure.gravatar.com\\\/avatar\\\/13115e0a618654c5e0afcfd4ab107781bccc1a9d3fca714a42548a6171e014a3?s=96&d=mm&r=g\",\"contentUrl\":\"https:\\\/\\\/secure.gravatar.com\\\/avatar\\\/13115e0a618654c5e0afcfd4ab107781bccc1a9d3fca714a42548a6171e014a3?s=96&d=mm&r=g\",\"caption\":\"Olfar\"},\"url\":\"https:\\\/\\\/www.olfar.ind.br\\\/en\\\/author\\\/olfar\\\/\"}]}<\/script>\n<!-- \/ Yoast SEO plugin. -->","yoast_head_json":{"title":"Transforma\u00e7\u00e3o e crescimento, gerando desenvolvimento, emprego e renda - Olfar","robots":{"index":"index","follow":"follow","max-snippet":"max-snippet:-1","max-image-preview":"max-image-preview:large","max-video-preview":"max-video-preview:-1"},"canonical":"https:\/\/www.olfar.ind.br\/en\/transformacao-e-crescimento-gerando-desenvolvimento-emprego-e-renda-2\/","og_locale":"en_US","og_type":"article","og_title":"Transforma\u00e7\u00e3o e crescimento, gerando desenvolvimento, emprego e renda - Olfar","og_description":"Agora \u00e9 oficial: a Olfar dar\u00e1 in\u00edcio \u00e0 segunda fase do projeto da sua usina em Goi\u00e1s com a constru\u00e7\u00e3o da planta para processamento da soja. Essa segunda etapa abrange a implanta\u00e7\u00e3o completa da unidade de extra\u00e7\u00e3o de \u00f3leo de soja, incluindo silos para armazenagem de gr\u00e3os, dep\u00f3sito para farelo de soja, entre outros elementos [&hellip;]","og_url":"https:\/\/www.olfar.ind.br\/en\/transformacao-e-crescimento-gerando-desenvolvimento-emprego-e-renda-2\/","og_site_name":"Olfar","article_published_time":"2021-02-26T19:33:40+00:00","author":"Olfar","twitter_card":"summary_large_image","twitter_misc":{"Written by":"Olfar","Est. reading time":"1 minute"},"schema":{"@context":"https:\/\/schema.org","@graph":[{"@type":"Article","@id":"https:\/\/www.olfar.ind.br\/en\/transformacao-e-crescimento-gerando-desenvolvimento-emprego-e-renda-2\/#article","isPartOf":{"@id":"https:\/\/www.olfar.ind.br\/en\/transformacao-e-crescimento-gerando-desenvolvimento-emprego-e-renda-2\/"},"author":{"name":"Olfar","@id":"https:\/\/www.olfar.ind.br\/#\/schema\/person\/469eaf0e85d43aa9eab17a02ad7d58fe"},"headline":"Transforma\u00e7\u00e3o e crescimento, gerando desenvolvimento, emprego e renda","datePublished":"2021-02-26T19:33:40+00:00","mainEntityOfPage":{"@id":"https:\/\/www.olfar.ind.br\/en\/transformacao-e-crescimento-gerando-desenvolvimento-emprego-e-renda-2\/"},"wordCount":297,"commentCount":0,"image":{"@id":"https:\/\/www.olfar.ind.br\/en\/transformacao-e-crescimento-gerando-desenvolvimento-emprego-e-renda-2\/#primaryimage"},"thumbnailUrl":"https:\/\/www.olfar.ind.br\/wp-content\/uploads\/2022\/01\/OLFAR-PORANGATU.jpg","articleSection":["Institucional"],"inLanguage":"en-US","potentialAction":[{"@type":"CommentAction","name":"Comment","target":["https:\/\/www.olfar.ind.br\/en\/transformacao-e-crescimento-gerando-desenvolvimento-emprego-e-renda-2\/#respond"]}]},{"@type":"WebPage","@id":"https:\/\/www.olfar.ind.br\/en\/transformacao-e-crescimento-gerando-desenvolvimento-emprego-e-renda-2\/","url":"https:\/\/www.olfar.ind.br\/en\/transformacao-e-crescimento-gerando-desenvolvimento-emprego-e-renda-2\/","name":"Transforma\u00e7\u00e3o e crescimento, gerando desenvolvimento, emprego e renda - Olfar","isPartOf":{"@id":"https:\/\/www.olfar.ind.br\/#website"},"primaryImageOfPage":{"@id":"https:\/\/www.olfar.ind.br\/en\/transformacao-e-crescimento-gerando-desenvolvimento-emprego-e-renda-2\/#primaryimage"},"image":{"@id":"https:\/\/www.olfar.ind.br\/en\/transformacao-e-crescimento-gerando-desenvolvimento-emprego-e-renda-2\/#primaryimage"},"thumbnailUrl":"https:\/\/www.olfar.ind.br\/wp-content\/uploads\/2022\/01\/OLFAR-PORANGATU.jpg","datePublished":"2021-02-26T19:33:40+00:00","author":{"@id":"https:\/\/www.olfar.ind.br\/#\/schema\/person\/469eaf0e85d43aa9eab17a02ad7d58fe"},"breadcrumb":{"@id":"https:\/\/www.olfar.ind.br\/en\/transformacao-e-crescimento-gerando-desenvolvimento-emprego-e-renda-2\/#breadcrumb"},"inLanguage":"en-US","potentialAction":[{"@type":"ReadAction","target":["https:\/\/www.olfar.ind.br\/en\/transformacao-e-crescimento-gerando-desenvolvimento-emprego-e-renda-2\/"]}]},{"@type":"ImageObject","inLanguage":"en-US","@id":"https:\/\/www.olfar.ind.br\/en\/transformacao-e-crescimento-gerando-desenvolvimento-emprego-e-renda-2\/#primaryimage","url":"https:\/\/www.olfar.ind.br\/wp-content\/uploads\/2022\/01\/OLFAR-PORANGATU.jpg","contentUrl":"https:\/\/www.olfar.ind.br\/wp-content\/uploads\/2022\/01\/OLFAR-PORANGATU.jpg","width":1103,"height":600},{"@type":"BreadcrumbList","@id":"https:\/\/www.olfar.ind.br\/en\/transformacao-e-crescimento-gerando-desenvolvimento-emprego-e-renda-2\/#breadcrumb","itemListElement":[{"@type":"ListItem","position":1,"name":"In\u00edcio","item":"https:\/\/www.olfar.ind.br\/en\/"},{"@type":"ListItem","position":2,"name":"Transforma\u00e7\u00e3o e crescimento, gerando desenvolvimento, emprego e renda"}]},{"@type":"WebSite","@id":"https:\/\/www.olfar.ind.br\/#website","url":"https:\/\/www.olfar.ind.br\/","name":"Olfar","description":"Alimento e Energia","potentialAction":[{"@type":"SearchAction","target":{"@type":"EntryPoint","urlTemplate":"https:\/\/www.olfar.ind.br\/?s={search_term_string}"},"query-input":{"@type":"PropertyValueSpecification","valueRequired":true,"valueName":"search_term_string"}}],"inLanguage":"en-US"},{"@type":"Person","@id":"https:\/\/www.olfar.ind.br\/#\/schema\/person\/469eaf0e85d43aa9eab17a02ad7d58fe","name":"Olfar","image":{"@type":"ImageObject","inLanguage":"en-US","@id":"https:\/\/secure.gravatar.com\/avatar\/13115e0a618654c5e0afcfd4ab107781bccc1a9d3fca714a42548a6171e014a3?s=96&d=mm&r=g","url":"https:\/\/secure.gravatar.com\/avatar\/13115e0a618654c5e0afcfd4ab107781bccc1a9d3fca714a42548a6171e014a3?s=96&d=mm&r=g","contentUrl":"https:\/\/secure.gravatar.com\/avatar\/13115e0a618654c5e0afcfd4ab107781bccc1a9d3fca714a42548a6171e014a3?s=96&d=mm&r=g","caption":"Olfar"},"url":"https:\/\/www.olfar.ind.br\/en\/author\/olfar\/"}]}},"_links":{"self":[{"href":"https:\/\/www.olfar.ind.br\/en\/wp-json\/wp\/v2\/posts\/1731","targetHints":{"allow":["GET"]}}],"collection":[{"href":"https:\/\/www.olfar.ind.br\/en\/wp-json\/wp\/v2\/posts"}],"about":[{"href":"https:\/\/www.olfar.ind.br\/en\/wp-json\/wp\/v2\/types\/post"}],"author":[{"embeddable":true,"href":"https:\/\/www.olfar.ind.br\/en\/wp-json\/wp\/v2\/users\/2"}],"replies":[{"embeddable":true,"href":"https:\/\/www.olfar.ind.br\/en\/wp-json\/wp\/v2\/comments?post=1731"}],"version-history":[{"count":0,"href":"https:\/\/www.olfar.ind.br\/en\/wp-json\/wp\/v2\/posts\/1731\/revisions"}],"wp:featuredmedia":[{"embeddable":true,"href":"https:\/\/www.olfar.ind.br\/en\/wp-json\/wp\/v2\/media\/1412"}],"wp:attachment":[{"href":"https:\/\/www.olfar.ind.br\/en\/wp-json\/wp\/v2\/media?parent=1731"}],"wp:term":[{"taxonomy":"category","embeddable":true,"href":"https:\/\/www.olfar.ind.br\/en\/wp-json\/wp\/v2\/categories?post=1731"},{"taxonomy":"post_tag","embeddable":true,"href":"https:\/\/www.olfar.ind.br\/en\/wp-json\/wp\/v2\/tags?post=1731"}],"curies":[{"name":"wp","href":"https:\/\/api.w.org\/{rel}","templated":true}]}}